{"id":6479,"date":"2024-03-05T10:40:09","date_gmt":"2024-03-05T16:40:09","guid":{"rendered":"https:\/\/www.osoelectric.com\/?p=1804"},"modified":"2026-03-24T21:46:49","modified_gmt":"2026-03-25T04:46:49","slug":"ponte-manos-a-la-obra-con-la-preparacion-de-tu-cortacesped-electrico-comercial-a-bateria","status":"publish","type":"post","link":"https:\/\/osorobotics.ai\/es_cl\/spring-into-action-prepping-your-battery-powered-commercial-electric-mower\/","title":{"rendered":"Ponte en marcha: c\u00f3mo preparar tu cortac\u00e9sped el\u00e9ctrico comercial a bater\u00eda"},"content":{"rendered":"<p class=\"wp-block-paragraph\">A medida que el fr\u00edo del invierno va desapareciendo, la energ\u00eda revitalizante de la primavera nos invita a salir al aire libre, lo que marca el inicio de la temporada de cuidado del c\u00e9sped. Si conf\u00edas en la eficiencia ecol\u00f3gica de<strong><em> cortac\u00e9sped el\u00e9ctricos comerciales que funcionan a bater\u00eda<\/em><\/strong>, ahora es el momento ideal para asegurarte de que tu equipo est\u00e9 preparado para los retos que se avecinan.<\/p>\n\n\n\n<ol class=\"wp-block-list\">\n<li><strong>Inspecci\u00f3n y limpieza:<\/strong><br>Antes de realizar los preparativos t\u00e9cnicos, revisa visualmente tu cortador de c\u00e9sped el\u00e9ctrico. Retira cualquier residuo acumulado, como restos de c\u00e9sped o ramitas, de las cuchillas, la parte inferior y todo el conjunto de corte. Un cortador de c\u00e9sped limpio no solo mejora el rendimiento, sino que tambi\u00e9n prolonga su vida \u00fatil al prevenir el \u00f3xido y la corrosi\u00f3n.<\/li>\n\n\n\n<li><strong>Revisi\u00f3n y carga de la bater\u00eda:<\/strong><br>La vitalidad de tu cortac\u00e9sped el\u00e9ctrico reside en su bater\u00eda. Empieza por revisar su nivel de carga, asegur\u00e1ndote de que est\u00e9 lista para funcionar. Si tu cortac\u00e9sped ha estado inactivo durante el invierno, carga completamente la bater\u00eda antes del primer corte de la temporada. Una bater\u00eda bien cargada garantiza un rendimiento \u00f3ptimo y una mayor vida \u00fatil, lo que permite que tu cortac\u00e9sped cubra todo el jard\u00edn sin interrupciones.<\/li>\n\n\n\n<li><strong>Inspecci\u00f3n de la cuchilla:<\/strong><br>Las cuchillas afiladas son esenciales para un corte preciso y eficiente. Revisa las cuchillas para detectar signos de da\u00f1o o falta de afilado. Af\u00edlalas si es necesario o considera cambiarlas si ya no se pueden reparar. Las cuchillas bien mantenidas no solo mejoran la calidad del c\u00e9sped, sino que tambi\u00e9n reducen la tensi\u00f3n en el motor de la podadora, lo que contribuye a su vida \u00fatil general.<\/li>\n\n\n\n<li><strong>Lubricaci\u00f3n de las piezas m\u00f3viles:<\/strong><br>Para mantener el buen funcionamiento de tu cortac\u00e9sped el\u00e9ctrico comercial, lubrica todas las piezas m\u00f3viles siguiendo las instrucciones del fabricante. Presta especial atenci\u00f3n a los puntos de pivote, las articulaciones y el eje del motor. Una lubricaci\u00f3n adecuada minimiza la fricci\u00f3n, reduce el desgaste y mejora el rendimiento general del cortac\u00e9sped.<\/li>\n\n\n\n<li><strong>Prueba de caracter\u00edsticas de seguridad:<\/strong><br>Aseg\u00farate de que todos los dispositivos de seguridad, como el sistema de activaci\u00f3n de las cuchillas y el apagado de emergencia, funcionen correctamente. Prioriza la seguridad; las revisiones peri\u00f3dicas garantizan una experiencia segura al cortar el c\u00e9sped, tanto para el operador como para quienes se encuentren cerca.<\/li>\n<\/ol>\n\n\n\n<p class=\"wp-block-paragraph\">En conclusi\u00f3n, la primavera es la temporada ideal para renovar tu cortac\u00e9sped el\u00e9ctrico comercial a bater\u00eda. Al seguir estos pasos esenciales y sencillos, podr\u00e1s garantizar una transici\u00f3n fluida hacia la temporada de corte, lo que permitir\u00e1 que tu equipo funcione al m\u00e1ximo rendimiento y ofrezca c\u00e9spedes impecablemente cuidados durante toda la temporada. Ponte en marcha y deja que tu cortac\u00e9sped el\u00e9ctrico demuestre su eficiencia ecol\u00f3gica en el cuidado del c\u00e9sped.<\/p>","protected":false},"excerpt":{"rendered":"<p>As winter&#8217;s chill fades away, the lively energy of spring calls us outdoors, marking the start of lawn care season. [&hellip;]<\/p>\n","protected":false},"author":5,"featured_media":1805,"comment_status":"open","ping_status":"closed","sticky":false,"template":"","format":"standard","meta":{"site-sidebar-layout":"default","site-content-layout":"","ast-site-content-layout":"default","site-content-style":"default","site-sidebar-style":"default","ast-global-header-display":"","ast-banner-title-visibility":"","ast-main-header-display":"","ast-hfb-above-header-display":"","ast-hfb-below-header-display":"","ast-hfb-mobile-header-display":"","site-post-title":"","ast-breadcrumbs-content":"","ast-featured-img":"","footer-sml-layout":"","ast-disable-related-posts":"","theme-transparent-header-meta":"","adv-header-id-meta":"","stick-header-meta":"","header-above-stick-meta":"","header-main-stick-meta":"","header-below-stick-meta":"","astra-migrate-meta-layouts":"default","ast-page-background-enabled":"default","ast-page-background-meta":{"desktop":{"background-color":"var(--ast-global-color-5)","background-image":"","background-repeat":"repeat","background-position":"center center","background-size":"auto","background-attachment":"scroll","background-type":"","background-media":"","overlay-type":"","overlay-color":"","overlay-opacity":"","overlay-gradient":""},"tablet":{"background-color":"","background-image":"","background-repeat":"repeat","background-position":"center center","background-size":"auto","background-attachment":"scroll","background-type":"","background-media":"","overlay-type":"","overlay-color":"","overlay-opacity":"","overlay-gradient":""},"mobile":{"background-color":"","background-image":"","background-repeat":"repeat","background-position":"center center","background-size":"auto","background-attachment":"scroll","background-type":"","background-media":"","overlay-type":"","overlay-color":"","overlay-opacity":"","overlay-gradient":""}},"ast-content-background-meta":{"desktop":{"background-color":"var(--ast-global-color-4)","background-image":"","background-repeat":"repeat","background-position":"center center","background-size":"auto","background-attachment":"scroll","background-type":"","background-media":"","overlay-type":"","overlay-color":"","overlay-opacity":"","overlay-gradient":""},"tablet":{"background-color":"var(--ast-global-color-4)","background-image":"","background-repeat":"repeat","background-position":"center center","background-size":"auto","background-attachment":"scroll","background-type":"","background-media":"","overlay-type":"","overlay-color":"","overlay-opacity":"","overlay-gradient":""},"mobile":{"background-color":"var(--ast-global-color-4)","background-image":"","background-repeat":"repeat","background-position":"center center","background-size":"auto","background-attachment":"scroll","background-type":"","background-media":"","overlay-type":"","overlay-color":"","overlay-opacity":"","overlay-gradient":""}},"footnotes":""},"categories":[41,42],"tags":[21],"class_list":["post-6479","post","type-post","status-publish","format-standard","has-post-thumbnail","hentry","category-commercial-landscapers","category-residential-landscapers","tag-maintenance"],"yoast_head":"<!-- This site is optimized with the Yoast SEO Premium plugin v28.4 (Yoast SEO v28.4) - https:\/\/yoast.com\/product\/yoast-seo-premium-wordpress\/ -->\n<title>Spring Into Action: Prepping Your Battery-Powered Commercial Electric Mower &#8212; Oso Robotics<\/title>\n<meta name=\"description\" content=\"Spring-ready lawns start here! Follow our tips to prep your battery-powered mower for the season. Get ready for a lush, green landscape.\" \/>\n<meta name=\"robots\" content=\"index, follow, max-snippet:-1, max-image-preview:large, max-video-preview:-1\" \/>\n<link rel=\"canonical\" href=\"https:\/\/osorobotics.ai\/es_cl\/ponte-manos-a-la-obra-con-la-preparacion-de-tu-cortacesped-electrico-comercial-a-bateria\/\" \/>\n<meta property=\"og:locale\" content=\"es_ES\" \/>\n<meta property=\"og:type\" content=\"article\" \/>\n<meta property=\"og:title\" content=\"Spring Into Action: Prepping Your Battery-Powered Commercial Electric Mower\" \/>\n<meta property=\"og:description\" content=\"Spring-ready lawns start here! Follow our tips to prep your battery-powered mower for the season. Get ready for a lush, green landscape.\" \/>\n<meta property=\"og:url\" content=\"https:\/\/osorobotics.ai\/es_cl\/ponte-manos-a-la-obra-con-la-preparacion-de-tu-cortacesped-electrico-comercial-a-bateria\/\" \/>\n<meta property=\"og:site_name\" content=\"Oso Robotics\" \/>\n<meta property=\"article:publisher\" content=\"https:\/\/www.facebook.com\/osoelectric\/\" \/>\n<meta property=\"article:published_time\" content=\"2024-03-05T16:40:09+00:00\" \/>\n<meta property=\"article:modified_time\" content=\"2026-03-25T04:46:49+00:00\" \/>\n<meta name=\"author\" content=\"Oso\" \/>\n<meta name=\"twitter:card\" content=\"summary_large_image\" \/>\n<meta name=\"twitter:creator\" content=\"@osoelectric\" \/>\n<meta name=\"twitter:site\" content=\"@osoelectric\" \/>\n<meta name=\"twitter:label1\" content=\"Escrito por\" \/>\n\t<meta name=\"twitter:data1\" content=\"Oso\" \/>\n\t<meta name=\"twitter:label2\" content=\"Tiempo estimado de lectura\" \/>\n\t<meta name=\"twitter:data2\" content=\"2 minutos\" \/>\n<script type=\"application\/ld+json\" class=\"yoast-schema-graph\">{\"@context\":\"https:\\\/\\\/schema.org\",\"@graph\":[{\"@type\":\"Article\",\"@id\":\"https:\\\/\\\/osorobotics.ai\\\/spring-into-action-prepping-your-battery-powered-commercial-electric-mower\\\/#article\",\"isPartOf\":{\"@id\":\"https:\\\/\\\/osorobotics.ai\\\/spring-into-action-prepping-your-battery-powered-commercial-electric-mower\\\/\"},\"author\":{\"name\":\"Oso\",\"@id\":\"https:\\\/\\\/osorobotics.ai\\\/#\\\/schema\\\/person\\\/70d343437f0aa46cc3341514ee22a1ba\"},\"headline\":\"Spring Into Action: Prepping Your Battery-Powered Commercial Electric Mower\",\"datePublished\":\"2024-03-05T16:40:09+00:00\",\"dateModified\":\"2026-03-25T04:46:49+00:00\",\"mainEntityOfPage\":{\"@id\":\"https:\\\/\\\/osorobotics.ai\\\/spring-into-action-prepping-your-battery-powered-commercial-electric-mower\\\/\"},\"wordCount\":371,\"commentCount\":0,\"publisher\":{\"@id\":\"https:\\\/\\\/osorobotics.ai\\\/#organization\"},\"image\":{\"@id\":\"https:\\\/\\\/osorobotics.ai\\\/spring-into-action-prepping-your-battery-powered-commercial-electric-mower\\\/#primaryimage\"},\"thumbnailUrl\":\"\",\"keywords\":[\"maintenance\"],\"articleSection\":[\"Commercial Landscapers\",\"Residential Landscapers\"],\"inLanguage\":\"es-CL\",\"potentialAction\":[{\"@type\":\"CommentAction\",\"name\":\"Comment\",\"target\":[\"https:\\\/\\\/osorobotics.ai\\\/spring-into-action-prepping-your-battery-powered-commercial-electric-mower\\\/#respond\"]}]},{\"@type\":\"WebPage\",\"@id\":\"https:\\\/\\\/osorobotics.ai\\\/spring-into-action-prepping-your-battery-powered-commercial-electric-mower\\\/\",\"url\":\"https:\\\/\\\/osorobotics.ai\\\/spring-into-action-prepping-your-battery-powered-commercial-electric-mower\\\/\",\"name\":\"Spring Into Action: Prepping Your Battery-Powered Commercial Electric Mower &#8212; Oso Robotics\",\"isPartOf\":{\"@id\":\"https:\\\/\\\/osorobotics.ai\\\/#website\"},\"primaryImageOfPage\":{\"@id\":\"https:\\\/\\\/osorobotics.ai\\\/spring-into-action-prepping-your-battery-powered-commercial-electric-mower\\\/#primaryimage\"},\"image\":{\"@id\":\"https:\\\/\\\/osorobotics.ai\\\/spring-into-action-prepping-your-battery-powered-commercial-electric-mower\\\/#primaryimage\"},\"thumbnailUrl\":\"\",\"datePublished\":\"2024-03-05T16:40:09+00:00\",\"dateModified\":\"2026-03-25T04:46:49+00:00\",\"description\":\"Spring-ready lawns start here! Follow our tips to prep your battery-powered mower for the season. Get ready for a lush, green landscape.\",\"breadcrumb\":{\"@id\":\"https:\\\/\\\/osorobotics.ai\\\/spring-into-action-prepping-your-battery-powered-commercial-electric-mower\\\/#breadcrumb\"},\"inLanguage\":\"es-CL\",\"potentialAction\":[{\"@type\":\"ReadAction\",\"target\":[\"https:\\\/\\\/osorobotics.ai\\\/spring-into-action-prepping-your-battery-powered-commercial-electric-mower\\\/\"]}]},{\"@type\":\"ImageObject\",\"inLanguage\":\"es-CL\",\"@id\":\"https:\\\/\\\/osorobotics.ai\\\/spring-into-action-prepping-your-battery-powered-commercial-electric-mower\\\/#primaryimage\",\"url\":\"\",\"contentUrl\":\"\"},{\"@type\":\"BreadcrumbList\",\"@id\":\"https:\\\/\\\/osorobotics.ai\\\/spring-into-action-prepping-your-battery-powered-commercial-electric-mower\\\/#breadcrumb\",\"itemListElement\":[{\"@type\":\"ListItem\",\"position\":1,\"name\":\"Home\",\"item\":\"https:\\\/\\\/osorobotics.ai\\\/\"},{\"@type\":\"ListItem\",\"position\":2,\"name\":\"Spring Into Action: Prepping Your Battery-Powered Commercial Electric Mower\"}]},{\"@type\":\"WebSite\",\"@id\":\"https:\\\/\\\/osorobotics.ai\\\/#website\",\"url\":\"https:\\\/\\\/osorobotics.ai\\\/\",\"name\":\"Oso Robotics\",\"description\":\"Robotic Commercial Outdoor Equipment\",\"publisher\":{\"@id\":\"https:\\\/\\\/osorobotics.ai\\\/#organization\"},\"potentialAction\":[{\"@type\":\"SearchAction\",\"target\":{\"@type\":\"EntryPoint\",\"urlTemplate\":\"https:\\\/\\\/osorobotics.ai\\\/?s={search_term_string}\"},\"query-input\":{\"@type\":\"PropertyValueSpecification\",\"valueRequired\":true,\"valueName\":\"search_term_string\"}}],\"inLanguage\":\"es-CL\"},{\"@type\":[\"Organization\",\"Place\"],\"@id\":\"https:\\\/\\\/osorobotics.ai\\\/#organization\",\"name\":\"Oso Robotics\",\"url\":\"https:\\\/\\\/osorobotics.ai\\\/\",\"logo\":{\"@type\":\"ImageObject\",\"inLanguage\":\"es-CL\",\"@id\":\"https:\\\/\\\/osorobotics.ai\\\/#\\\/schema\\\/logo\\\/image\\\/\",\"url\":\"https:\\\/\\\/osorobotics.ai\\\/wp-content\\\/uploads\\\/2025\\\/10\\\/oso-logo-oso-only.png\",\"contentUrl\":\"https:\\\/\\\/osorobotics.ai\\\/wp-content\\\/uploads\\\/2025\\\/10\\\/oso-logo-oso-only.png\",\"width\":501,\"height\":439,\"caption\":\"Oso Robotics\"},\"image\":{\"@id\":\"https:\\\/\\\/osorobotics.ai\\\/#\\\/schema\\\/logo\\\/image\\\/\"},\"sameAs\":[\"https:\\\/\\\/www.facebook.com\\\/osoelectric\\\/\",\"https:\\\/\\\/x.com\\\/osoelectric\",\"https:\\\/\\\/www.linkedin.com\\\/company\\\/oso-electric\"],\"mainEntityOfPage\":{\"@id\":\"https:\\\/\\\/osorobotics.ai\\\/spring-into-action-prepping-your-battery-powered-commercial-electric-mower\\\/\"}},{\"@type\":\"Person\",\"@id\":\"https:\\\/\\\/osorobotics.ai\\\/#\\\/schema\\\/person\\\/70d343437f0aa46cc3341514ee22a1ba\",\"name\":\"Oso\",\"image\":{\"@type\":\"ImageObject\",\"inLanguage\":\"es-CL\",\"@id\":\"https:\\\/\\\/secure.gravatar.com\\\/avatar\\\/a5621209f771f895838ed19f0f457ba9a00a6cddb35f9bae05de989d09304318?s=96&d=mm&r=g\",\"url\":\"https:\\\/\\\/secure.gravatar.com\\\/avatar\\\/a5621209f771f895838ed19f0f457ba9a00a6cddb35f9bae05de989d09304318?s=96&d=mm&r=g\",\"contentUrl\":\"https:\\\/\\\/secure.gravatar.com\\\/avatar\\\/a5621209f771f895838ed19f0f457ba9a00a6cddb35f9bae05de989d09304318?s=96&d=mm&r=g\",\"caption\":\"Oso\"},\"sameAs\":[\"https:\\\/\\\/osorobotics.ai\"]}]}<\/script>\n<!-- \/ Yoast SEO Premium plugin. -->","yoast_head_json":{"title":"Ponte en marcha: c\u00f3mo preparar tu cortac\u00e9sped el\u00e9ctrico comercial a bater\u00eda \u2014 Oso Robotics","description":"\u00a1Aqu\u00ed empieza a prepararse el c\u00e9sped para la primavera! Sigue nuestros consejos para preparar tu cortac\u00e9sped a bater\u00eda para la temporada. Prep\u00e1rate para disfrutar de un jard\u00edn frondoso y verde.","robots":{"index":"index","follow":"follow","max-snippet":"max-snippet:-1","max-image-preview":"max-image-preview:large","max-video-preview":"max-video-preview:-1"},"canonical":"https:\/\/osorobotics.ai\/es_cl\/ponte-manos-a-la-obra-con-la-preparacion-de-tu-cortacesped-electrico-comercial-a-bateria\/","og_locale":"es_ES","og_type":"article","og_title":"Spring Into Action: Prepping Your Battery-Powered Commercial Electric Mower","og_description":"Spring-ready lawns start here! Follow our tips to prep your battery-powered mower for the season. Get ready for a lush, green landscape.","og_url":"https:\/\/osorobotics.ai\/es_cl\/ponte-manos-a-la-obra-con-la-preparacion-de-tu-cortacesped-electrico-comercial-a-bateria\/","og_site_name":"Oso Robotics","article_publisher":"https:\/\/www.facebook.com\/osoelectric\/","article_published_time":"2024-03-05T16:40:09+00:00","article_modified_time":"2026-03-25T04:46:49+00:00","author":"Oso","twitter_card":"summary_large_image","twitter_creator":"@osoelectric","twitter_site":"@osoelectric","twitter_misc":{"Escrito por":"Oso","Tiempo estimado de lectura":"2 minutos"},"schema":{"@context":"https:\/\/schema.org","@graph":[{"@type":"Article","@id":"https:\/\/osorobotics.ai\/spring-into-action-prepping-your-battery-powered-commercial-electric-mower\/#article","isPartOf":{"@id":"https:\/\/osorobotics.ai\/spring-into-action-prepping-your-battery-powered-commercial-electric-mower\/"},"author":{"name":"Oso","@id":"https:\/\/osorobotics.ai\/#\/schema\/person\/70d343437f0aa46cc3341514ee22a1ba"},"headline":"Spring Into Action: Prepping Your Battery-Powered Commercial Electric Mower","datePublished":"2024-03-05T16:40:09+00:00","dateModified":"2026-03-25T04:46:49+00:00","mainEntityOfPage":{"@id":"https:\/\/osorobotics.ai\/spring-into-action-prepping-your-battery-powered-commercial-electric-mower\/"},"wordCount":371,"commentCount":0,"publisher":{"@id":"https:\/\/osorobotics.ai\/#organization"},"image":{"@id":"https:\/\/osorobotics.ai\/spring-into-action-prepping-your-battery-powered-commercial-electric-mower\/#primaryimage"},"thumbnailUrl":"","keywords":["maintenance"],"articleSection":["Commercial Landscapers","Residential Landscapers"],"inLanguage":"es-CL","potentialAction":[{"@type":"CommentAction","name":"Comment","target":["https:\/\/osorobotics.ai\/spring-into-action-prepping-your-battery-powered-commercial-electric-mower\/#respond"]}]},{"@type":"WebPage","@id":"https:\/\/osorobotics.ai\/spring-into-action-prepping-your-battery-powered-commercial-electric-mower\/","url":"https:\/\/osorobotics.ai\/spring-into-action-prepping-your-battery-powered-commercial-electric-mower\/","name":"Ponte en marcha: c\u00f3mo preparar tu cortac\u00e9sped el\u00e9ctrico comercial a bater\u00eda \u2014 Oso Robotics","isPartOf":{"@id":"https:\/\/osorobotics.ai\/#website"},"primaryImageOfPage":{"@id":"https:\/\/osorobotics.ai\/spring-into-action-prepping-your-battery-powered-commercial-electric-mower\/#primaryimage"},"image":{"@id":"https:\/\/osorobotics.ai\/spring-into-action-prepping-your-battery-powered-commercial-electric-mower\/#primaryimage"},"thumbnailUrl":"","datePublished":"2024-03-05T16:40:09+00:00","dateModified":"2026-03-25T04:46:49+00:00","description":"\u00a1Aqu\u00ed empieza a prepararse el c\u00e9sped para la primavera! Sigue nuestros consejos para preparar tu cortac\u00e9sped a bater\u00eda para la temporada. Prep\u00e1rate para disfrutar de un jard\u00edn frondoso y verde.","breadcrumb":{"@id":"https:\/\/osorobotics.ai\/spring-into-action-prepping-your-battery-powered-commercial-electric-mower\/#breadcrumb"},"inLanguage":"es-CL","potentialAction":[{"@type":"ReadAction","target":["https:\/\/osorobotics.ai\/spring-into-action-prepping-your-battery-powered-commercial-electric-mower\/"]}]},{"@type":"ImageObject","inLanguage":"es-CL","@id":"https:\/\/osorobotics.ai\/spring-into-action-prepping-your-battery-powered-commercial-electric-mower\/#primaryimage","url":"","contentUrl":""},{"@type":"BreadcrumbList","@id":"https:\/\/osorobotics.ai\/spring-into-action-prepping-your-battery-powered-commercial-electric-mower\/#breadcrumb","itemListElement":[{"@type":"ListItem","position":1,"name":"Home","item":"https:\/\/osorobotics.ai\/"},{"@type":"ListItem","position":2,"name":"Spring Into Action: Prepping Your Battery-Powered Commercial Electric Mower"}]},{"@type":"WebSite","@id":"https:\/\/osorobotics.ai\/#website","url":"https:\/\/osorobotics.ai\/","name":"Oso Robotics","description":"Equipos rob\u00f3ticos comerciales para exteriores","publisher":{"@id":"https:\/\/osorobotics.ai\/#organization"},"potentialAction":[{"@type":"SearchAction","target":{"@type":"EntryPoint","urlTemplate":"https:\/\/osorobotics.ai\/?s={search_term_string}"},"query-input":{"@type":"PropertyValueSpecification","valueRequired":true,"valueName":"search_term_string"}}],"inLanguage":"es-CL"},{"@type":["Organization","Place"],"@id":"https:\/\/osorobotics.ai\/#organization","name":"Oso Robotics","url":"https:\/\/osorobotics.ai\/","logo":{"@type":"ImageObject","inLanguage":"es-CL","@id":"https:\/\/osorobotics.ai\/#\/schema\/logo\/image\/","url":"https:\/\/osorobotics.ai\/wp-content\/uploads\/2025\/10\/oso-logo-oso-only.png","contentUrl":"https:\/\/osorobotics.ai\/wp-content\/uploads\/2025\/10\/oso-logo-oso-only.png","width":501,"height":439,"caption":"Oso Robotics"},"image":{"@id":"https:\/\/osorobotics.ai\/#\/schema\/logo\/image\/"},"sameAs":["https:\/\/www.facebook.com\/osoelectric\/","https:\/\/x.com\/osoelectric","https:\/\/www.linkedin.com\/company\/oso-electric"],"mainEntityOfPage":{"@id":"https:\/\/osorobotics.ai\/spring-into-action-prepping-your-battery-powered-commercial-electric-mower\/"}},{"@type":"Person","@id":"https:\/\/osorobotics.ai\/#\/schema\/person\/70d343437f0aa46cc3341514ee22a1ba","name":"Oso","image":{"@type":"ImageObject","inLanguage":"es-CL","@id":"https:\/\/secure.gravatar.com\/avatar\/a5621209f771f895838ed19f0f457ba9a00a6cddb35f9bae05de989d09304318?s=96&d=mm&r=g","url":"https:\/\/secure.gravatar.com\/avatar\/a5621209f771f895838ed19f0f457ba9a00a6cddb35f9bae05de989d09304318?s=96&d=mm&r=g","contentUrl":"https:\/\/secure.gravatar.com\/avatar\/a5621209f771f895838ed19f0f457ba9a00a6cddb35f9bae05de989d09304318?s=96&d=mm&r=g","caption":"Oso"},"sameAs":["https:\/\/osorobotics.ai"]}]}},"_links":{"self":[{"href":"https:\/\/osorobotics.ai\/es_cl\/wp-json\/wp\/v2\/posts\/6479","targetHints":{"allow":["GET"]}}],"collection":[{"href":"https:\/\/osorobotics.ai\/es_cl\/wp-json\/wp\/v2\/posts"}],"about":[{"href":"https:\/\/osorobotics.ai\/es_cl\/wp-json\/wp\/v2\/types\/post"}],"author":[{"embeddable":true,"href":"https:\/\/osorobotics.ai\/es_cl\/wp-json\/wp\/v2\/users\/5"}],"replies":[{"embeddable":true,"href":"https:\/\/osorobotics.ai\/es_cl\/wp-json\/wp\/v2\/comments?post=6479"}],"version-history":[{"count":1,"href":"https:\/\/osorobotics.ai\/es_cl\/wp-json\/wp\/v2\/posts\/6479\/revisions"}],"predecessor-version":[{"id":8196,"href":"https:\/\/osorobotics.ai\/es_cl\/wp-json\/wp\/v2\/posts\/6479\/revisions\/8196"}],"wp:attachment":[{"href":"https:\/\/osorobotics.ai\/es_cl\/wp-json\/wp\/v2\/media?parent=6479"}],"wp:term":[{"taxonomy":"category","embeddable":true,"href":"https:\/\/osorobotics.ai\/es_cl\/wp-json\/wp\/v2\/categories?post=6479"},{"taxonomy":"post_tag","embeddable":true,"href":"https:\/\/osorobotics.ai\/es_cl\/wp-json\/wp\/v2\/tags?post=6479"}],"curies":[{"name":"wp","href":"https:\/\/api.w.org\/{rel}","templated":true}]}}